{"id":4504,"date":"2026-09-02T17:52:15","date_gmt":"2026-09-02T15:52:15","guid":{"rendered":"http:\/\/www.danpal.dk\/?p=4504"},"modified":"2026-09-02T17:53:18","modified_gmt":"2026-09-02T15:53:18","slug":"nyhedsbrev-fra-dansk-palaestinensisk-venskabsforening-september-2026","status":"publish","type":"post","link":"https:\/\/www.danpal.dk\/?p=4504","title":{"rendered":"Nyhedsbrev fra Dansk Pal\u00e6stinensisk Venskabsforening september 2026"},"content":{"rendered":"\n<p>Her finder du vores nyhedsbrev for september 2026. Vi g\u00f8r bl.a. status over, hvad der er sket &#8211; eller m\u00e5ske rettere hvad der desv\u00e6rre ikke er sket &#8211; siden den s\u00e5kaldte v\u00e5benhvile blev indg\u00e5et for snart et \u00e5r siden. <\/p>\n\n\n\n<p>Derudover deler vi en opdatering vedr\u00f8rende den igangv\u00e6rende injuriesag, vores formand Fathi El-Abed k\u00f8rer mod Jotam Confino, som Confino efter afg\u00f8relsen i byretten i april valgte at anke.<\/p>\n\n\n\n<p>Dyk selv ned i nyhedsbrevet for at l\u00e6se mere:<\/p>\n\n\n\n<p><a href=\"http:\/\/www.danpal.dk\/wp-content\/uploads\/2026\/09\/Nyhedsbrev-fra-Dansk-Palaestinensisk-Venskabsforening-september-2026.pdf\">Nyhedsbrev fra Dansk Pal\u00e6stinensisk Venskabsforening september 2026<\/a><\/p>\n","protected":false},"excerpt":{"rendered":"<p>Her finder du vores nyhedsbrev for september 2026. Vi g\u00f8r bl.a. status over, hvad der er sket &#8211; eller m\u00e5ske rettere hvad der desv\u00e6rre ikke er sket &#8211; siden den s\u00e5kaldte v\u00e5benhvile blev indg\u00e5et for snart et \u00e5r siden. Derudover &hellip; <a href=\"https:\/\/www.danpal.dk\/?p=4504\">L\u00e6s resten <span class=\"meta-nav\">&rarr;<\/span><\/a><\/p>\n","protected":false},"author":7,"featured_media":0,"comment_status":"closed","ping_status":"open","sticky":false,"template":"","format":"standard","meta":{"footnotes":""},"categories":[1],"tags":[],"_links":{"self":[{"href":"https:\/\/www.danpal.dk\/index.php?rest_route=\/wp\/v2\/posts\/4504"}],"collection":[{"href":"https:\/\/www.danpal.dk\/index.php?rest_route=\/wp\/v2\/posts"}],"about":[{"href":"https:\/\/www.danpal.dk\/index.php?rest_route=\/wp\/v2\/types\/post"}],"author":[{"embeddable":true,"href":"https:\/\/www.danpal.dk\/index.php?rest_route=\/wp\/v2\/users\/7"}],"replies":[{"embeddable":true,"href":"https:\/\/www.danpal.dk\/index.php?rest_route=%2Fwp%2Fv2%2Fcomments&post=4504"}],"version-history":[{"count":2,"href":"https:\/\/www.danpal.dk\/index.php?rest_route=\/wp\/v2\/posts\/4504\/revisions"}],"predecessor-version":[{"id":4506,"href":"https:\/\/www.danpal.dk\/index.php?rest_route=\/wp\/v2\/posts\/4504\/revisions\/4506"}],"wp:attachment":[{"href":"https:\/\/www.danpal.dk\/index.php?rest_route=%2Fwp%2Fv2%2Fmedia&parent=4504"}],"wp:term":[{"taxonomy":"category","embeddable":true,"href":"https:\/\/www.danpal.dk\/index.php?rest_route=%2Fwp%2Fv2%2Fcategories&post=4504"},{"taxonomy":"post_tag","embeddable":true,"href":"https:\/\/www.danpal.dk\/index.php?rest_route=%2Fwp%2Fv2%2Ftags&post=4504"}],"curies":[{"name":"wp","href":"https:\/\/api.w.org\/{rel}","templated":true}]}}