{"id":2792,"date":"2008-04-23T22:58:32","date_gmt":"2008-04-23T22:58:32","guid":{"rendered":""},"modified":"2008-04-23T22:58:32","modified_gmt":"2008-04-23T22:58:32","slug":"tortur-under-besaettelse","status":"publish","type":"post","link":"http:\/\/www.danpal.dk\/?p=2792","title":{"rendered":"Tortur under bes\u00e6ttelse"},"content":{"rendered":"<div class=\"dpv_author\">DPV Region Midtjylland, DPV<\/div>\n<h3 class=\"dpv_h3\">Tortur under bes\u00e6ttelse <\/h3>\n<p><b>&#8211; med Mellem\u00f8stkoordinator S\u00f8s Nissen, Rehabiliteringscenter for Torturofre (RCT).<\/b> <\/p>\n<p>Venskabsforeningen k\u00f8rer i \u00f8jeblikket en r\u00e6kke arrangementer i anledning af 60 \u00e5ret for Nakba \u2013 den pal\u00e6stinensiske katastrofe \u2013 som gjorde n\u00e6sten halvdelen af det pal\u00e6stinensiske folk hjeml\u00f8se. Arrangementerne er led i kampagnen &#8220;Der skal folk til&#8221;. <\/p>\n<p>M\u00f8det foreg\u00e5r den  5. maj kl. 19.30 i U-huset, Klosterport 4C, 8000 \u00c5rhusC. (bem\u00e6rk tilmelding)<\/p>\n<p>Se n\u00e6rmere oplysninger p\u00e5 vedh\u00e6ftede <b><a href=\"http:\/\/www.danpal.dk\/documents\/invitation_tortur_under_besaettelse.pdf\"> indbydelse<\/a><\/b> og send gerne videre ud i dit netv\u00e6rk.<\/p>\n<p>Arr.: DPV Region Midtjylland<\/p>\n","protected":false},"excerpt":{"rendered":"<p>Offentligt m\u00f8de i \u00c5rhus om tortur i Israel og Pal\u00e6stina p\u00e5 Danmarks befrielsesdag den 5. maj <a href=\"http:\/\/www.danpal.dk\/?p=2792\">L\u00e6s resten <span class=\"meta-nav\">&rarr;<\/span><\/a><\/p>\n","protected":false},"author":1,"featured_media":0,"comment_status":"closed","ping_status":"open","sticky":false,"template":"","format":"standard","meta":{"footnotes":""},"categories":[69],"tags":[],"_links":{"self":[{"href":"http:\/\/www.danpal.dk\/index.php?rest_route=\/wp\/v2\/posts\/2792"}],"collection":[{"href":"http:\/\/www.danpal.dk\/index.php?rest_route=\/wp\/v2\/posts"}],"about":[{"href":"http:\/\/www.danpal.dk\/index.php?rest_route=\/wp\/v2\/types\/post"}],"author":[{"embeddable":true,"href":"http:\/\/www.danpal.dk\/index.php?rest_route=\/wp\/v2\/users\/1"}],"replies":[{"embeddable":true,"href":"http:\/\/www.danpal.dk\/index.php?rest_route=%2Fwp%2Fv2%2Fcomments&post=2792"}],"version-history":[{"count":0,"href":"http:\/\/www.danpal.dk\/index.php?rest_route=\/wp\/v2\/posts\/2792\/revisions"}],"wp:attachment":[{"href":"http:\/\/www.danpal.dk\/index.php?rest_route=%2Fwp%2Fv2%2Fmedia&parent=2792"}],"wp:term":[{"taxonomy":"category","embeddable":true,"href":"http:\/\/www.danpal.dk\/index.php?rest_route=%2Fwp%2Fv2%2Fcategories&post=2792"},{"taxonomy":"post_tag","embeddable":true,"href":"http:\/\/www.danpal.dk\/index.php?rest_route=%2Fwp%2Fv2%2Ftags&post=2792"}],"curies":[{"name":"wp","href":"https:\/\/api.w.org\/{rel}","templated":true}]}}