{"id":2741,"date":"2007-07-23T22:58:29","date_gmt":"2007-07-23T22:58:29","guid":{"rendered":""},"modified":"2007-07-23T22:58:29","modified_gmt":"2007-07-23T22:58:29","slug":"de-fleste-israelske-bosaettelser-har-bredt-sig-uden-for-deres-omrade-ifolge-ny-rapport","status":"publish","type":"post","link":"http:\/\/www.danpal.dk\/?p=2741","title":{"rendered":"De fleste israelske bos\u00e6ttelser har bredt sig uden for deres omr\u00e5de, if\u00f8lge ny rapport"},"content":{"rendered":"<div class=\"dpv_author\">Steven Erlanger, International Herald Tribune<\/div>\n<h3 class=\"dpv_h3\">De fleste israelske bos\u00e6ttelser har bredt sig uden for deres omr\u00e5de, if\u00f8lge ny rapport.<\/h3>\n<p>Af Steven Erlanger, International Herald Tribune, fredag d. 6. Juli 2007<\/p>\n<p>De israelske bos\u00e6ttelser p\u00e5 den besatte Vestbred anvender kun 12% af den jord, de har f\u00e5et tildelt, men en tredjedel af den jord de bruger ligger udenfor deres juridiske ejendom if\u00f8lge en ny rapport som fredag blev offentliggjort af Fred-Nu, en israelsk gruppe, der arbejder for pal\u00e6stinensisk selvbestemmelse. <\/p>\n<p>If\u00f8lge rapporten, som bygger p\u00e5 data, den israelske regering har frigivet efter en retskendelse, breder  90% af bos\u00e6ttelserne sig udenfor den jord de er tildelt  p\u00e5 trods af de store jordarealer af uanvendt jord, de allerede er tildelt.<\/p>\n<p>Mere end 10% af den jord, som bos\u00e6ttelserne officielt har f\u00e5et, tilh\u00f8rer pal\u00e6stinensere, og 70% af den jord bos\u00e6tterne kontrollerer udenfor deres juridiske omr\u00e5der tilh\u00f8rer ligeledes pal\u00e6stinensere, fortalte rapporten, hvis resultater blev offentliggjort fredag i avisen Haaretz.<\/p>\n<p>If\u00f8lge Dror Etkes, som forberedte rapporten sammen med Hagit Ofran fra Fred-Nu, viser de officielle tal hvordan regeringen har taget jord p\u00e5 Vestbredden, langt udover bos\u00e6ttelsernes behov, for at forhindre pal\u00e6stinensere i at bygge der, idet man har tilf\u00f8jet adskillelseszoner mellem bos\u00e6ttere og pal\u00e6stinensere.<\/p>\n<p>Men i disse omr\u00e5der, som har ligget t\u00e6t op ad pal\u00e6stinensere, har bos\u00e6tterne bem\u00e6gtiget sig mere jord, som var pal\u00e6stinensisk ejet uden at h\u00e6ren \u2013 den eneste juridiske ordensmagt i de besatte omr\u00e5der \u2013 har grebet ind.<\/p>\n<p>\u201dDer tegner sig et m\u00f8nster af manglende evne til at sikre at bos\u00e6ttere overholder loven\u201d understreger Etkes. \u201dMen denne manglende evne er ikke tilf\u00e6ldig. Den er blevet endnu et redskab til at opn\u00e5 de milit\u00e6re m\u00e5l med bes\u00e6ttelsen \u2013 nemlig at underl\u00e6gge sig land og beholde det\u201d.<\/p>\n<p>Rapportens data, som er f\u00f8rt op til 2006, blev overgivet fra den israelske regerings civile administration, som styrer de civile aktiviteter i de besatte omr\u00e5der, som resultat af en retssag, som Fred-Nu og organisationen for Fri Information i Israel havde anlagt. Indtil denne retssag, var officielle kort over den besatte Vestbred ikke offentligt tilg\u00e6ngelige.<\/p>\n<p>Shlomo Dror, som er talsmand for den israelske milit\u00e6re administration p\u00e5 Vestbredden, udtalte, at mange af de fejltagelser, rapporten n\u00e6vner, var foreg\u00e5et for flere \u00e5r siden, og siden var blevet korrigeret. \u201dI dag er vi bedre til at sikre overholdelse af lovgivningen, ejendomsretten til jord bliver tjekket, og vi anl\u00e6gger sager, n\u00e5r det er n\u00f8dvendigt\u201d, sagde han.<\/p>\n<p>Etkes svarede: \u201dJeg er ikke sikker p\u00e5, at de har f\u00e5et en bedre sikring af gennemf\u00f8relse af lovgivningen, men deres humoristiske sans er blevet bedre!\u201d<\/p>\n<p>Under forhandlingerne om Oslo-aftalerne i 1993 fastholdt Israel, at de ikke ville tage ensidige skridt til at \u00e6ndre forholdene i de besatte omr\u00e5der f\u00f8r der var en fredsaftale, og senere lovede man Bush-administrationen, at man ikke ville udvide bos\u00e6ttelserne udover de omr\u00e5der der allerede var \u201dunder udbygning\u201d.<\/p>\n<p>Men ud af de 164 bos\u00e6ttelser, forposter og industriomr\u00e5der p\u00e5 Vestbredden har 92 enten udvidet eller redefineret deres jurisdiktion efter Oslo-aftalerne, og i det f\u00f8lgende \u00e5rti er antallet af bos\u00e6ttere p\u00e5 Vestbredden blevet fordoblet.<\/p>\n<p>Der er omkring 122 officielle bos\u00e6ttelser p\u00e5 Vestbredden. Pal\u00e6stinenserne \u00f8nsker at hele Vestbredden skal v\u00e6re en del af en kommende stat.<\/p>\n<p>Det meste af det internationale samfund anser alle bos\u00e6ttelserne p\u00e5 Vestbredden, som blev besat i 1967, for illegale i forhold til folkeretten. USA kalder bos\u00e6ttelserne for \u201den hindring for fred\u201d og \u00f8nsker fastfrysning af bos\u00e6tter-aktiviteterne. Israel har sagt, at de \u00f8nsker at fastholde 3 st\u00f8rre bos\u00e6ttelser p\u00e5 Vestbredden og \u00d8stjerusalem.<\/p>\n<p>F\u00f8rst og fremmest p\u00e5 grund af stor f\u00f8dselsrate vokser indbyggertallet i bos\u00e6ttelserne med 5 % om \u00e5ret, og de l\u00f8fter, som Sharon gav, og Olmert har gentaget, om at fjerne ulovlige forposter, som er blevet opf\u00f8rt siden marts 2001, er aldrig blevet f\u00f8rt ud i livet.<\/p>\n<p>I fredags marcherede tusindvis af pal\u00e6stinensere i Gaza i et begravelsesoptog for 11 mennesker \u2013 herunder 9 Hamas militante og en militant fra Islamisk Jihad, som alle blev dr\u00e6bt torsdag i de kampe, der fulgte en israelsk milit\u00e6raktion. Den israelske regering siger, at den afsluttede aktionen i Gaza by lige efter midnat. H\u00e6ren laver raids for at afh\u00f8re pal\u00e6stinensee om milit\u00e6re aktiviteter som affyring af raketter ind i Israel og smugling af v\u00e5ben, penge og ammunition til Gaza. I dette tilf\u00e6lde arresterede de 10 pal\u00e6stinensere og tog dem til Israel for videre forh\u00f8r.<\/p>\n<p>Og ogs\u00e5 fredag fangede israelske tropper 8 personer med raketaffyringsudstyr i det nordlige Gaza. En af dem med en raket klar til affyring.<\/p>\n<p>Under kampene blev Imad Ghanem, en kameramand fra Hamas-TV-stationen Al Aqsa, s\u00e5ret og efterf\u00f8lgende skudt mindst to gange i benene, da han l\u00e5 sammenkr\u00f8bet p\u00e5 jorden. Hans ben blev senere amputeret p\u00e5 hospitalet og hans tilstand er kritisk.<\/p>\n<p>Major Avital Leibovich, en af h\u00e6rens talsm\u00e6nd sagde fredag: \u201dOfte tager Hamas militante med og udstyrer dem med kameraer, som fx denne person, som vi ikke anser for at v\u00e6re en regul\u00e6r journalist, men en militant som de andre\u201d. Hun sagde, at han ikke havde v\u00e6ret if\u00f8rt den vest, der viste at han var journalist, og at til andre tider havde den slags kameram\u00e6nd v\u00e6ret bev\u00e6bnede og brugt deres v\u00e5ben. Hun forklarede, at i kampens hede \u201dvar det ikke muligt at afg\u00f8re, hvem der havde skudt\u201d Ghanem i benene.<\/p>\n<p>Det internationale journalistforbund ford\u00f8mte episoden fredag. \u201dDette er et ondsindet og brutalt eksempel p\u00e5, hvordan man bevidst angriber en journalist\u201d, sagde Aiden White, generalsekret\u00e6r i forbundet.<\/p>\n<p>\u201dDe israelske myndigheder b\u00f8r unders\u00f8ge denne sag og bringe de ansvarlige for retten\u201d, tilf\u00f8jede White, \u201dManden bar et kamera \u2013 ikke et v\u00e5ben! Han var ingen trussel mod de israelske tropper.\u201d Lebovich meddelte, at der ikke var planlagt nogen unders\u00f8gelse.<\/p>\n<p>Oversat fra engelsk for DPV af Pernille Frahm<\/p>\n","protected":false},"excerpt":{"rendered":"<p>De israelske bos\u00e6ttelser p\u00e5 den besatte Vestbred anvender kun 12% af den jord, de har f\u00e5et tildelt, men en tredjedel af den jord de bruger ligger udenfor deres juridiske ejendom <a href=\"http:\/\/www.danpal.dk\/?p=2741\">L\u00e6s resten <span class=\"meta-nav\">&rarr;<\/span><\/a><\/p>\n","protected":false},"author":1,"featured_media":0,"comment_status":"closed","ping_status":"open","sticky":false,"template":"","format":"standard","meta":{"footnotes":""},"categories":[69],"tags":[],"_links":{"self":[{"href":"http:\/\/www.danpal.dk\/index.php?rest_route=\/wp\/v2\/posts\/2741"}],"collection":[{"href":"http:\/\/www.danpal.dk\/index.php?rest_route=\/wp\/v2\/posts"}],"about":[{"href":"http:\/\/www.danpal.dk\/index.php?rest_route=\/wp\/v2\/types\/post"}],"author":[{"embeddable":true,"href":"http:\/\/www.danpal.dk\/index.php?rest_route=\/wp\/v2\/users\/1"}],"replies":[{"embeddable":true,"href":"http:\/\/www.danpal.dk\/index.php?rest_route=%2Fwp%2Fv2%2Fcomments&post=2741"}],"version-history":[{"count":0,"href":"http:\/\/www.danpal.dk\/index.php?rest_route=\/wp\/v2\/posts\/2741\/revisions"}],"wp:attachment":[{"href":"http:\/\/www.danpal.dk\/index.php?rest_route=%2Fwp%2Fv2%2Fmedia&parent=2741"}],"wp:term":[{"taxonomy":"category","embeddable":true,"href":"http:\/\/www.danpal.dk\/index.php?rest_route=%2Fwp%2Fv2%2Fcategories&post=2741"},{"taxonomy":"post_tag","embeddable":true,"href":"http:\/\/www.danpal.dk\/index.php?rest_route=%2Fwp%2Fv2%2Ftags&post=2741"}],"curies":[{"name":"wp","href":"https:\/\/api.w.org\/{rel}","templated":true}]}}