{"id":1428,"date":"2003-02-14T09:02:59","date_gmt":"2003-02-14T09:02:59","guid":{"rendered":""},"modified":"2003-02-14T09:02:59","modified_gmt":"2003-02-14T09:02:59","slug":"sharon-kan-nu-retsforfolges","status":"publish","type":"post","link":"http:\/\/www.danpal.dk\/?p=1428","title":{"rendered":"Sharon kan nu retsforf\u00f8lges"},"content":{"rendered":"<div class=\"dpv_author\">DPV<\/div>\n<h3 class=\"dpv_h3\">Sharon kan nu retsforf\u00f8lges <\/h3>\n<\/p>\n<p>Belgiens h\u00f8jesterets besluttede onsdag d. 12.2.2003 at g\u00f8re det muligt, at retsforf\u00f8lge Ariel Sharon i Belgien. Sharon er anklaget for krigsforbrydelser ved indirekte at have ansvar for de kristne militssoldaters massakre p\u00e5 flere hundrede pal\u00e6stinensiske flygtninge i Sabra og Shatila i Beirut i 1982. H\u00f8jesteretskendelsen betyder, at Ariel Sharon kan stilles for retten i Belgien, i det \u00f8jeblik han ikke mere er statsleder. Ud over Sharon omfatter anklageskriftet en israelsk forsvarschef under invasionen i Libanon, og en r\u00e6kke navngivne officerer, der var ansvarlige for Beirut under den israelske invasion.<\/p>\n<\/p>\n<p>Det israelske udenrigsministerium unders\u00f8ger nu, om den seneste kendelse betyder, at h\u00f8jtst\u00e5ende israelske milit\u00e6rfolk &#8211; ogs\u00e5 de, der for l\u00e6ngst har smidt uniformen &#8211; vil v\u00e6re i fare for at blive arresteret og anklaget for p\u00e5st\u00e5ede krigsforbrydelser, hvis de rejser i Europa. <\/p>\n<\/p>\n<p>Det belgiske parlament vedtog i januar en r\u00e6kke tilf\u00f8jelser til den lov fra 1993, der danner grundlaget for at rejse sager om internationale krigsforbrydelser ved belgiske domstole. F\u00f8r var universalprincippet ikke helt klart, hvilket var \u00e5rsagen til, at anklagen imod Sharon ikke umiddelbart blev accepteret ved den belgiske domstol. Tilf\u00f8jelserne, der vil tr\u00e6de i kraft i slutningen af april, g\u00f8r det muligt at rejse sager i Belgien, selv om hverken den anklagede eller ofrene er belgiere eller har tilknytning til Belgien, og uanset hvor forbrydelserne er beg\u00e5et.<\/p>\n<\/p>\n<p>Klippet fra Politiken og Ritzaus d. 13.2. 2003<\/p>\n<\/p>\n<p>L\u00e6s mere om sagen mod Ariel Sharon p\u00e5 www.indictsharon.net<\/p><\/p>\n","protected":false},"excerpt":{"rendered":"<p>Belgiens h\u00f8jesterets besluttede onsdag d. 12.2.2003 at g\u00f8re det muligt, at retsforf\u00f8lge Ariel Sharon i Belgien. <a href=\"http:\/\/www.danpal.dk\/?p=1428\">L\u00e6s resten <span class=\"meta-nav\">&rarr;<\/span><\/a><\/p>\n","protected":false},"author":1,"featured_media":0,"comment_status":"closed","ping_status":"open","sticky":false,"template":"","format":"standard","meta":{"footnotes":""},"categories":[69,101],"tags":[],"_links":{"self":[{"href":"http:\/\/www.danpal.dk\/index.php?rest_route=\/wp\/v2\/posts\/1428"}],"collection":[{"href":"http:\/\/www.danpal.dk\/index.php?rest_route=\/wp\/v2\/posts"}],"about":[{"href":"http:\/\/www.danpal.dk\/index.php?rest_route=\/wp\/v2\/types\/post"}],"author":[{"embeddable":true,"href":"http:\/\/www.danpal.dk\/index.php?rest_route=\/wp\/v2\/users\/1"}],"replies":[{"embeddable":true,"href":"http:\/\/www.danpal.dk\/index.php?rest_route=%2Fwp%2Fv2%2Fcomments&post=1428"}],"version-history":[{"count":0,"href":"http:\/\/www.danpal.dk\/index.php?rest_route=\/wp\/v2\/posts\/1428\/revisions"}],"wp:attachment":[{"href":"http:\/\/www.danpal.dk\/index.php?rest_route=%2Fwp%2Fv2%2Fmedia&parent=1428"}],"wp:term":[{"taxonomy":"category","embeddable":true,"href":"http:\/\/www.danpal.dk\/index.php?rest_route=%2Fwp%2Fv2%2Fcategories&post=1428"},{"taxonomy":"post_tag","embeddable":true,"href":"http:\/\/www.danpal.dk\/index.php?rest_route=%2Fwp%2Fv2%2Ftags&post=1428"}],"curies":[{"name":"wp","href":"https:\/\/api.w.org\/{rel}","templated":true}]}}